[{"@context":"https:\/\/schema.org\/","@type":"Article","@id":"https:\/\/www.hkt.sk\/prvy-rocnik-na-zakladnej-skole\/#Article","mainEntityOfPage":"https:\/\/www.hkt.sk\/prvy-rocnik-na-zakladnej-skole\/","headline":"Prv\u00fd ro\u010dn\u00edk na z\u00e1kladnej \u0161kole","name":"Prv\u00fd ro\u010dn\u00edk na z\u00e1kladnej \u0161kole","description":"Ke\u010f bol m\u00f4j syn prv\u00e1\u010dikom na z\u00e1kladnej \u0161kole, bolo to ve\u013emi n\u00e1ro\u010dn\u00e9 obdobie. S \u010d\u00edtan\u00edm sme mali dos\u0165 probl\u00e9m. Najprv to i\u0161li ve\u013emi mali\u010dk\u00fdmi kr\u00f4\u010dikmi po slabik\u00e1ch. Slab\u0161ie \u010d\u00edtanie bolo<span class=\"more-button\"><a href=\"https:\/\/www.hkt.sk\/prvy-rocnik-na-zakladnej-skole\/\" class=\"more-link\">Pre\u010d\u00edta\u0165<span class=\"screen-reader-text\">Prv\u00fd ro\u010dn\u00edk na z\u00e1kladnej \u0161kole<\/span><\/a><\/span>","datePublished":"2024-08-02","dateModified":"2024-08-02","author":{"@type":"Person","@id":"https:\/\/www.hkt.sk\/author\/#Person","name":"","url":"https:\/\/www.hkt.sk\/author\/","identifier":1,"image":{"@type":"ImageObject","@id":"https:\/\/secure.gravatar.com\/avatar\/093836c6bc976bea6a4c3cd39f9136c261430c33201aa865249fef2be34e3fdb?s=96&d=mm&r=g","url":"https:\/\/secure.gravatar.com\/avatar\/093836c6bc976bea6a4c3cd39f9136c261430c33201aa865249fef2be34e3fdb?s=96&d=mm&r=g","height":96,"width":96}},"publisher":{"@type":"Organization","name":"hkt.sk","logo":{"@type":"ImageObject","@id":"\/logo.png","url":"\/logo.png","width":600,"height":60}},"image":{"@type":"ImageObject","@id":"https:\/\/www.hkt.sk\/wp-content\/uploads\/abacus-1866497_640_1.jpg","url":"https:\/\/www.hkt.sk\/wp-content\/uploads\/abacus-1866497_640_1.jpg","height":0,"width":0},"url":"https:\/\/www.hkt.sk\/prvy-rocnik-na-zakladnej-skole\/","about":["Vzdelanie"],"wordCount":507,"articleBody":"Ke\u010f bol m\u00f4j syn prv\u00e1\u010dikom na z\u00e1kladnej \u0161kole, bolo to ve\u013emi n\u00e1ro\u010dn\u00e9 obdobie. S \u010d\u00edtan\u00edm sme mali dos\u0165 probl\u00e9m. Najprv to i\u0161li ve\u013emi mali\u010dk\u00fdmi kr\u00f4\u010dikmi po slabik\u00e1ch. Slab\u0161ie \u010d\u00edtanie bolo niekedy pre n\u00e1s no\u010dnou morou. Museli sme sa svojmu die\u0165a\u0165u venova\u0165. To bol skvel\u00fd \u010das na to, kedy sme boli pri \u0148om a nau\u010dil sa \u010d\u00edta\u0165 ve\u013emi pekne. Z \u010d\u00edtania potom dost\u00e1val sam\u00e9 jednotky. Najprv je \u010d\u00edtanie tak\u00e9 slab\u0161ie, no uvid\u00edte, \u017ee sa to zlep\u0161\u00ed. Bu\u010fte trpezliv\u00fdmi rodi\u010dmi. U\u010denie sa so svojim die\u0165a\u0165om by ste mali praktizova\u0165 ka\u017ed\u00fd de\u0148. Nesta\u010d\u00ed len sem tam pozrie\u0165, \u010do sa pr\u00e1ve u\u010dia v \u0161kole. Ka\u017ed\u00fd de\u0148 sa mu venujte a budete vedie\u0165, ako na tom va\u0161e die\u0165a je. V prvom ro\u010dn\u00edku sa die\u0165a len zoznamuje s nov\u00fdm prostred\u00edm.Je v\u00e1m smutno, ke\u010f mus\u00edte svojho prv\u00e1\u010dika r\u00e1no necha\u0165 v \u0161kolskom zariaden\u00ed? Za\u010diatky \u0161koly s\u00fa n\u00e1ro\u010dn\u00e9. Objavuj\u00fa sa aj pla\u010de, no tie potom prestan\u00fa. Nebojte sa pr\u00e1ve tohto obdobia. Va\u0161e die\u0165a si celkom r\u00fdchlo navykne na nov\u00e9 skuto\u010dnosti, ktor\u00e9 nastali v jeho \u017eivote. V prvom ro\u010dn\u00edku sa deti u\u010dia aj po\u010d\u00edta\u0165. Na to sl\u00fa\u017ei predmet matematika. Matematika je naprv ve\u013emi jednoduch\u00e1. Deti sa u\u010dia po\u010d\u00edta\u0165 do desa\u0165. Mnoh\u00e9 pani u\u010dite\u013eky pou\u017e\u00edvaj\u00fa aj r\u00f4zne po\u010d\u00edtadl\u00e1. S\u00fa to ve\u013emi u\u017eito\u010dn\u00e9 \u0161kolsk\u00e9 pom\u00f4cky. Jedno po\u010d\u00edtadlo by ste ur\u010dite mali ma\u0165 aj doma. Die\u0165a\u0165u n\u00edm rozhodne pom\u00f4\u017eete. Matematiku nem\u00e1 rado ve\u013emi ve\u013ea det\u00ed.Neust\u00e1le prib\u00fadaj\u00fa \u0165a\u017e\u0161ie pr\u00edklady a deti sa ich musia nau\u010di\u0165. Ke\u010f nastane obdobie n\u00e1sobilky, vtedy zbystrite pozornos\u0165. N\u00e1sobilka je ve\u013emi \u0165a\u017ek\u00e1 pre ka\u017ed\u00e9 jedno die\u0165a. Prv\u00e1\u010dik sa u\u010d\u00ed aj p\u00edsa\u0165. P\u00edsanie je hlavn\u00fdm predmetom, ktor\u00e9 sa u\u010d\u00ed na hodine slovensk\u00e9ho jazyka. Najprv sa die\u0165a u\u010d\u00ed p\u00edsa\u0165 p\u00edsmenk\u00e1 abecedy atramentov\u00fdm perom. Prv\u00e9 p\u00edsmenk\u00e1 p\u00ed\u0161u p\u00edsan\u00fdm p\u00edsmom. Je to pre ne n\u00e1ro\u010dn\u00e9, nako\u013eko v u\u010debniciach maj\u00fa text nap\u00edsan\u00fd tla\u010den\u00fdm p\u00edsmom. Mnoh\u00edm de\u0165om sa to zd\u00e1 \u010dudn\u00e9. Nevedia si p\u00edsan\u00e9 p\u00edsmenko priradi\u0165 k tla\u010den\u00e9mu p\u00edsmenku. To m\u00f4\u017ee by\u0165 probl\u00e9mom pri roben\u00ed dom\u00e1cich \u00faloh.\u00a0Prv\u00fd ro\u010dn\u00edk je ve\u013emi n\u00e1ro\u010dn\u00fd. V\u0161etko je pre die\u0165atko nov\u00e9. Nielen u\u010denie a robenie dom\u00e1cich \u00faloh. Musia sa prisp\u00f4sobi\u0165 \u0161kolsk\u00e9mu re\u017eimu. Rann\u00e9 vst\u00e1vanie je n\u00e1ro\u010dn\u00e9 a cestou do \u0161koly sa im \u0161kola zhnus\u00ed. Mali by ste v\u017edy usmer\u0148ova\u0165 die\u0165a k lep\u0161\u00edm v\u00fdsledkom, aby z neho vyr\u00e1stlo \u0161ikovn\u00e9 die\u0165a.                                                                                                                                                                                                                                                                                                                                                                                        3.7\/5 - (11 votes)        "},{"@context":"https:\/\/schema.org\/","@type":"BreadcrumbList","itemListElement":[{"@type":"ListItem","position":1,"name":"Prv\u00fd ro\u010dn\u00edk na z\u00e1kladnej \u0161kole","item":"https:\/\/www.hkt.sk\/prvy-rocnik-na-zakladnej-skole\/#breadcrumbitem"}]}]